{"id":2575,"date":"2024-10-01T13:05:36","date_gmt":"2024-10-01T13:05:36","guid":{"rendered":"https:\/\/sendaecoway.com\/slow-food"},"modified":"2024-10-14T07:39:23","modified_gmt":"2024-10-14T07:39:23","slug":"slow-food","status":"publish","type":"post","link":"https:\/\/sendaecoway.com\/fr\/blog\/slow-food\/","title":{"rendered":"Le mouvement Slow Food et l&#039;art d&#039;appr\u00e9cier ce que nous mangeons"},"content":{"rendered":"<p>Le monde \u00e9volue de plus en plus vite. D\u00e8s notre plus jeune \u00e2ge, on nous apprend \u00e0 nous habiller rapidement, \u00e0 finir nos devoirs rapidement, ou <strong>m\u00eame, souvent involontairement, manger rapidement<\/strong> et s&#039;empressant de s&#039;adapter \u00e0 une routine toujours rythm\u00e9e par la vitesse des choses.<\/p>\n<p>Compte tenu de ce tourbillon quotidien, et plus particuli\u00e8rement dans le <strong>secteur alimentaire<\/strong>, Elle a \u00e9merg\u00e9 avec force il y a plus d&#039;un quart de si\u00e8cle.<strong> le mouvement Slow Food, <\/strong>Autrement dit, l&#039;art de manger en pleine conscience, en valorisant la qualit\u00e9 en particulier et en tenant donc compte de l&#039;origine des mati\u00e8res premi\u00e8res, des ingr\u00e9dients et de leur mode de cuisson.<\/p>\n<p>Le Salone del Gusto 2018, organis\u00e9 par ce mouvement, s&#039;est cl\u00f4tur\u00e9 \u00e0 Turin le 24 septembre. <\/p>\n<p>Du milpa mexicain au r\u00e9gime alimentaire masa\u00ef du Kenya, les peuples autochtones ont apport\u00e9 cela<strong> La foire promeut l&#039;id\u00e9e d&#039;une alimentation saine comme antidote aux maladies du XXIe si\u00e8cle., <\/strong>une pratique qu&#039;ils appliquent depuis des temps imm\u00e9moriaux.<\/p>\n<h2>Un mouvement pr\u00e9sent dans 160 pays<\/h2>\n<p>Le mouvement Slow Food a vu le jour en 1986 \u00e0 l&#039;initiative de l&#039;Italien Carlo Petrini et d&#039;un groupe de militants. <strong>avec pour objectif initial la d\u00e9fense des traditions r\u00e9gionales, <\/strong>Une bonne alimentation, le plaisir de la gastronomie, ainsi qu&#039;un rythme de vie lent.<\/p>\n<p>Apr\u00e8s deux d\u00e9cennies d&#039;histoire,<strong> Le mouvement a \u00e9volu\u00e9 pour int\u00e9grer une approche globale de l&#039;alimentation, <\/strong>qui reconna\u00eet les liens \u00e9troits qui existent entre notre alimentation, les personnes qui la produisent, notre plan\u00e8te, la politique et la culture. <\/p>\n<p>Aujourd&#039;hui, Slow Food repr\u00e9sente un mouvement mondial impliquant des milliers de personnes et de projets. <strong>plus de 160 pays<\/strong>.<\/p>\n<h2>Responsabilit\u00e9 \u00e0 l&#039;heure des repas<\/h2>\n<p>Le mouvement Slow Food \u0153uvre pour emp\u00eacher la disparition des cultures et traditions culinaires locales, pour contrer la mont\u00e9e en puissance des modes de vie acc\u00e9l\u00e9r\u00e9s et <strong>pour lutter contre le manque g\u00e9n\u00e9ral d&#039;int\u00e9r\u00eat pour les aliments consomm\u00e9s, <\/strong>son origine et la mani\u00e8re dont nos choix alimentaires affectent le monde qui nous entoure.<\/p>\n<p>Si nous connaissons l&#039;origine de nos aliments, les personnes qui les produisent et les m\u00e9thodes de production, enfants et adultes en b\u00e9n\u00e9ficieront.<strong> Nous apprendrons \u00e0 allier plaisir et responsabilit\u00e9 dans nos choix quotidiens.,<\/strong> et d&#039;appr\u00e9cier l&#039;impact social et culturel de l&#039;alimentation.<\/p>\n<h2>Comment entra\u00eener son sens du go\u00fbt<\/h2>\n<p>Slow Food m\u00e8ne de nombreux projets \u00e9ducatifs dans diff\u00e9rentes parties du monde qui diff\u00e8rent de la plupart des programmes d&#039;\u00e9ducation alimentaire, car ils reposent sur l&#039;id\u00e9e que la nourriture est synonyme de plaisir, de culture et de convivialit\u00e9. <\/p>\n<p>\u200d<strong>Ces projets sont con\u00e7us pour des publics vari\u00e9s, des enfants aux adultes.,<\/strong> y compris les enseignants, les membres de Slow Food et le grand public. <\/p>\n<p>Parmi ces activit\u00e9s, on peut citer : les jardins scolaires, les d\u00e9gustations guid\u00e9es, les visites de fermes, les \u00e9changes de connaissances interg\u00e9n\u00e9rationnels, les ateliers pratiques et les repas chez les producteurs. <\/p>\n<p>En plus, <strong>Slow Food a ouvert l&#039;Universit\u00e9 des sciences gastronomiques en Italie <\/strong>en 2004, afin d&#039;offrir une perspective globale sur le monde universitaire de l&#039;alimentation.<\/p>\n<h2>Nourriture bonne, propre et \u00e9quitable<\/h2>\n<p>Le<strong> objectif principal du mouvement Slow Food<\/strong> Il s&#039;agit de garantir \u00e0 tous l&#039;acc\u00e8s et le plaisir d&#039;une alimentation saine pour nous, pour ceux qui la produisent et pour la plan\u00e8te, en s&#039;opposant \u00e0 la standardisation des go\u00fbts et des cultures et au pouvoir illimit\u00e9 des multinationales de l&#039;agroalimentaire et de l&#039;agriculture industrielle.<\/p>\n<p>Votre <strong>trois principes de base <\/strong>sont:<\/p>\n<p><strong>\u2022 Bien: <\/strong>Des plats de saison savoureux et frais qui ravissent les sens et font partie int\u00e9grante de la vie. <a href=\"https:\/\/es.wikipedia.org\/wiki\/Cultura_local\">culture locale<\/a>.<\/p>\n<p><strong>\u2022 Faire le m\u00e9nage: <\/strong>production et consommation d&#039;aliments qui ne nuisent pas \u00e0 l&#039;environnement, au bien-\u00eatre animal ni \u00e0 la sant\u00e9 humaine.<\/p>\n<p><strong>\u2022 \u00c9quitable:<\/strong> Des prix abordables pour les consommateurs et une r\u00e9mun\u00e9ration \u00e9quitable pour les producteurs.<\/p>\n<p>Ce mouvement \u0153uvre dans de nombreuses r\u00e9gions du monde pour prot\u00e9ger la biodiversit\u00e9 alimentaire, cr\u00e9er des liens entre producteurs et consommateurs et sensibiliser la soci\u00e9t\u00e9 aux probl\u00e8mes urgents qui affectent notre syst\u00e8me alimentaire. <\/p>\n<p>Et c&#039;est parce que\u2026<strong> Manger de mani\u00e8re durable et respectueuse<\/strong> Compte tenu de notre environnement, c&#039;est toujours une option \u00e0 notre port\u00e9e.<\/p>\n<h2>Faites-le lentement<\/h2>\n<p>J&#039;ai r\u00e9cemment appris l&#039;existence de cette association. <strong>Cittaslow, <\/strong>une id\u00e9e n\u00e9e il y a vingt ans dans une petite ville de Toscane. <\/p>\n<p>Ce <strong>int\u00e9ressant<\/strong> <strong>initiative<\/strong> C&#039;est une association qui unit la philosophie du slow food, le <a href=\"https:\/\/es.wikipedia.org\/wiki\/Ecococina\">\u00e9cogastronomie<\/a>, Concernant les villes, elle pr\u00e9conise de consid\u00e9rer la ville elle-m\u00eame comme un \u00e9l\u00e9ment d\u00e9terminant de la qualit\u00e9 de vie des individus et, par cons\u00e9quent, de leur bonheur. \u00c9videmment, <strong>VRAI?<\/strong><\/p>\n<p>Ce sont des id\u00e9es que l&#039;on peut v\u00e9ritablement qualifier de \u201c bon sens \u201d ; ces types de concepts \u00e9mergent \u00e0 un moment historique o\u00f9 tout le monde parle de \u201c changement de paradigme \u201d.\u201d <strong>Le d\u00e9veloppement est-il possible gr\u00e2ce \u00e0 la lenteur, gr\u00e2ce au calme ?<\/strong><\/p>\n<p>Dans une soci\u00e9t\u00e9 o\u00f9 tout ce qui a de la valeur est mat\u00e9riel ou rond (voir le football), tout nous entra\u00eene vers le vide ; subsister gr\u00e2ce \u00e0 l&#039;intangible, au monde des id\u00e9es, des valeurs, devient un v\u00e9ritable exploit.<\/p>\n<p>Ces responsables \u2013 tr\u00e8s probablement des maires \u2013 qui d\u00e9cident <strong>rejoindre Cittaslow<\/strong>, qui sont attir\u00e9s par <strong>pour r\u00e9cup\u00e9rer, am\u00e9liorer et prot\u00e9ger un mode de vie<\/strong>, une vie calme, lente et tranquille. <\/p>\n<p>Ont-ils, \u00e0 un moment donn\u00e9, remis en question ce qui est vraiment essentiel et ont-ils appr\u00e9ci\u00e9 l&#039;importance de savoir s&#039;arr\u00eater, contempler, voir au-del\u00e0\u00a0? Se sont-ils interrog\u00e9s sur ce qui les a vraiment rendus heureux\u00a0?.<\/p>\n<p>Tout cela n\u00e9cessite un arr\u00eat. <strong>Prendre conscience<\/strong> de la succession des saisons, de la valorisation du travail fait main (v\u00e9ritablement fait avec c\u0153ur ; artisanat), de la valeur de l&#039;art, de l&#039;authenticit\u00e9 des produits, de la valeur d&#039;un bon repas ou d&#039;un bon vin\u2026<\/p>\n<p>J&#039;appelle tout cela <strong>culture.<\/strong><\/p>\n<ul>\n<li>Savoir <strong>odeur<\/strong>.<\/li>\n<li>Savoir <strong>go\u00fbt<\/strong>.<\/li>\n<li>Savoir <strong>regarder<\/strong>.<\/li>\n<li>Savoir <strong>appr\u00e9cier<\/strong>.<\/li>\n<\/ul>\n<p>Chez Senda, nous sommes convaincus qu&#039;un d\u00e9veloppement fond\u00e9 sur ces valeurs est possible. Ce sont elles qui nous animent et qui nous permettent, bien s\u00fbr, d&#039;apporter notre modeste contribution au bonheur d&#039;une vie b\u00e2tie sur la somme de\u2026 <a href=\"https:\/\/sendaecoway.com\/fr\/experiences\/\"><strong>exp\u00e9riences<\/strong><\/a><strong> <\/strong>qui en valent la peine.<\/p>\n<h2>Le d\u00e9veloppement durable comme valeur fondamentale<\/h2>\n<p>Si vos valeurs sont \u00e9galement en phase avec le d\u00e9veloppement durable, vous ne pouvez pas manquer les articles suivants sur ce sujet\u00a0:<\/p>\n<ul>\n<li><a href=\"https:\/\/sendaecoway.com\/fr\/senda-recoit-le-prix-du-tourisme-durable\/\">Senda re\u00e7oit le prix du \u00ab tourisme durable \u00bb.\u00bb<\/a><\/li>\n<li><a href=\"https:\/\/sendaecoway.com\/fr\/blog\/navigation-responsable\/\">Le surf responsable pour r\u00e9duire l&#039;impact environnemental<\/a><\/li>\n<\/ul>","protected":false},"excerpt":{"rendered":"<p>Le mouvement Slow Food est l&#039;art de manger en pleine conscience, \ud83d\udc9a valorisant tout particuli\u00e8rement la qualit\u00e9 des aliments et leur origine locale.<\/p>","protected":false},"author":2,"featured_media":2576,"comment_status":"open","ping_status":"open","sticky":false,"template":"","format":"standard","meta":{"_joinchat":[],"footnotes":""},"categories":[87],"tags":[],"class_list":["post-2575","post","type-post","status-publish","format-standard","has-post-thumbnail","hentry","category-blog"],"yoast_head":"<!-- This site is optimized with the Yoast SEO plugin v27.2 - https:\/\/yoast.com\/product\/yoast-seo-wordpress\/ -->\n<title>El movimiento slow food y el arte de valorar lo que comemos - Senda Ecoway<\/title>\n<meta name=\"robots\" content=\"index, follow, max-snippet:-1, max-image-preview:large, max-video-preview:-1\" \/>\n<link rel=\"canonical\" href=\"https:\/\/sendaecoway.com\/fr\/blog\/slow-food\/\" \/>\n<meta property=\"og:locale\" content=\"fr_FR\" \/>\n<meta property=\"og:type\" content=\"article\" \/>\n<meta property=\"og:title\" content=\"El movimiento slow food y el arte de valorar lo que comemos - Senda Ecoway\" \/>\n<meta property=\"og:description\" content=\"El movimento Slow food es el arte de comer con atenci\u00f3n,\ud83d\udc9a valorando en especial la calidad de la alimentaci\u00f3n y su origen local.\" \/>\n<meta property=\"og:url\" content=\"https:\/\/sendaecoway.com\/fr\/blog\/slow-food\/\" \/>\n<meta property=\"og:site_name\" content=\"Senda Ecoway\" \/>\n<meta property=\"article:publisher\" content=\"https:\/\/www.facebook.com\/sendaecoway\/\" \/>\n<meta property=\"article:published_time\" content=\"2024-10-01T13:05:36+00:00\" \/>\n<meta property=\"article:modified_time\" content=\"2024-10-14T07:39:23+00:00\" \/>\n<meta property=\"og:image\" content=\"https:\/\/sendaecoway.com\/wp-content\/uploads\/2024\/10\/619b860e4ffa9c9bc07449f3_slow-food-1-400x250-1.jpg\" \/>\n\t<meta property=\"og:image:width\" content=\"400\" \/>\n\t<meta property=\"og:image:height\" content=\"250\" \/>\n\t<meta property=\"og:image:type\" content=\"image\/jpeg\" \/>\n<meta name=\"author\" content=\"MarSen\" \/>\n<meta name=\"twitter:card\" content=\"summary_large_image\" \/>\n<meta name=\"twitter:label1\" content=\"\u00c9crit par\" \/>\n\t<meta name=\"twitter:data1\" content=\"MarSen\" \/>\n\t<meta name=\"twitter:label2\" content=\"Dur\u00e9e de lecture estim\u00e9e\" \/>\n\t<meta name=\"twitter:data2\" content=\"5 minutes\" \/>\n<script type=\"application\/ld+json\" class=\"yoast-schema-graph\">{\"@context\":\"https:\/\/schema.org\",\"@graph\":[{\"@type\":\"Article\",\"@id\":\"https:\/\/sendaecoway.com\/blog\/slow-food\/#article\",\"isPartOf\":{\"@id\":\"https:\/\/sendaecoway.com\/blog\/slow-food\/\"},\"author\":{\"name\":\"MarSen\",\"@id\":\"https:\/\/sendaecoway.com\/#\/schema\/person\/8aa6cb09cdc9a3d253edba48060bbb52\"},\"headline\":\"El movimiento slow food y el arte de valorar lo que comemos\",\"datePublished\":\"2024-10-01T13:05:36+00:00\",\"dateModified\":\"2024-10-14T07:39:23+00:00\",\"mainEntityOfPage\":{\"@id\":\"https:\/\/sendaecoway.com\/blog\/slow-food\/\"},\"wordCount\":1100,\"commentCount\":0,\"publisher\":{\"@id\":\"https:\/\/sendaecoway.com\/#organization\"},\"image\":{\"@id\":\"https:\/\/sendaecoway.com\/blog\/slow-food\/#primaryimage\"},\"thumbnailUrl\":\"https:\/\/sendaecoway.com\/wp-content\/uploads\/2024\/10\/619b860e4ffa9c9bc07449f3_slow-food-1-400x250-1.jpg\",\"articleSection\":[\"blog\"],\"inLanguage\":\"fr-FR\",\"potentialAction\":[{\"@type\":\"CommentAction\",\"name\":\"Comment\",\"target\":[\"https:\/\/sendaecoway.com\/blog\/slow-food\/#respond\"]}]},{\"@type\":\"WebPage\",\"@id\":\"https:\/\/sendaecoway.com\/blog\/slow-food\/\",\"url\":\"https:\/\/sendaecoway.com\/blog\/slow-food\/\",\"name\":\"El movimiento slow food y el arte de valorar lo que comemos - Senda Ecoway\",\"isPartOf\":{\"@id\":\"https:\/\/sendaecoway.com\/#website\"},\"primaryImageOfPage\":{\"@id\":\"https:\/\/sendaecoway.com\/blog\/slow-food\/#primaryimage\"},\"image\":{\"@id\":\"https:\/\/sendaecoway.com\/blog\/slow-food\/#primaryimage\"},\"thumbnailUrl\":\"https:\/\/sendaecoway.com\/wp-content\/uploads\/2024\/10\/619b860e4ffa9c9bc07449f3_slow-food-1-400x250-1.jpg\",\"datePublished\":\"2024-10-01T13:05:36+00:00\",\"dateModified\":\"2024-10-14T07:39:23+00:00\",\"breadcrumb\":{\"@id\":\"https:\/\/sendaecoway.com\/blog\/slow-food\/#breadcrumb\"},\"inLanguage\":\"fr-FR\",\"potentialAction\":[{\"@type\":\"ReadAction\",\"target\":[\"https:\/\/sendaecoway.com\/blog\/slow-food\/\"]}]},{\"@type\":\"ImageObject\",\"inLanguage\":\"fr-FR\",\"@id\":\"https:\/\/sendaecoway.com\/blog\/slow-food\/#primaryimage\",\"url\":\"https:\/\/sendaecoway.com\/wp-content\/uploads\/2024\/10\/619b860e4ffa9c9bc07449f3_slow-food-1-400x250-1.jpg\",\"contentUrl\":\"https:\/\/sendaecoway.com\/wp-content\/uploads\/2024\/10\/619b860e4ffa9c9bc07449f3_slow-food-1-400x250-1.jpg\",\"width\":400,\"height\":250,\"caption\":\"El movimiento slow food y el arte de valorar lo que comemos\"},{\"@type\":\"BreadcrumbList\",\"@id\":\"https:\/\/sendaecoway.com\/blog\/slow-food\/#breadcrumb\",\"itemListElement\":[{\"@type\":\"ListItem\",\"position\":1,\"name\":\"Portada\",\"item\":\"https:\/\/sendaecoway.com\/\"},{\"@type\":\"ListItem\",\"position\":2,\"name\":\"El movimiento slow food y el arte de valorar lo que comemos\"}]},{\"@type\":\"WebSite\",\"@id\":\"https:\/\/sendaecoway.com\/#website\",\"url\":\"https:\/\/sendaecoway.com\/\",\"name\":\"Senda Ecoway Experiencias Sostenibles\",\"description\":\"Ofrecemos experiencias personalizadas y sostenibles. Rutas guiadas por gu\u00edas locales y actividades en peque\u00f1os grupos.\",\"publisher\":{\"@id\":\"https:\/\/sendaecoway.com\/#organization\"},\"alternateName\":\"LAS MEJORES EXPERIENCIAS SOSTENIBLES DE ESPA\u00d1A\",\"potentialAction\":[{\"@type\":\"SearchAction\",\"target\":{\"@type\":\"EntryPoint\",\"urlTemplate\":\"https:\/\/sendaecoway.com\/?s={search_term_string}\"},\"query-input\":{\"@type\":\"PropertyValueSpecification\",\"valueRequired\":true,\"valueName\":\"search_term_string\"}}],\"inLanguage\":\"fr-FR\"},{\"@type\":\"Organization\",\"@id\":\"https:\/\/sendaecoway.com\/#organization\",\"name\":\"SENDA ECOWAY\",\"alternateName\":\"LAS MEJORES EXPERIENCIAS SOSTENIBLES DE ESPA\u00d1A\",\"url\":\"https:\/\/sendaecoway.com\/\",\"logo\":{\"@type\":\"ImageObject\",\"inLanguage\":\"fr-FR\",\"@id\":\"https:\/\/sendaecoway.com\/#\/schema\/logo\/image\/\",\"url\":\"https:\/\/sendaecoway.com\/wp-content\/uploads\/2024\/10\/619797bf655bee433c2dff8c_LOGOTIPO-OFICIAL-2-1024x413-1.png\",\"contentUrl\":\"https:\/\/sendaecoway.com\/wp-content\/uploads\/2024\/10\/619797bf655bee433c2dff8c_LOGOTIPO-OFICIAL-2-1024x413-1.png\",\"width\":1024,\"height\":413,\"caption\":\"SENDA ECOWAY\"},\"image\":{\"@id\":\"https:\/\/sendaecoway.com\/#\/schema\/logo\/image\/\"},\"sameAs\":[\"https:\/\/www.facebook.com\/sendaecoway\/\",\"https:\/\/www.instagram.com\/sendaecoway\/\"]},{\"@type\":\"Person\",\"@id\":\"https:\/\/sendaecoway.com\/#\/schema\/person\/8aa6cb09cdc9a3d253edba48060bbb52\",\"name\":\"MarSen\",\"image\":{\"@type\":\"ImageObject\",\"inLanguage\":\"fr-FR\",\"@id\":\"https:\/\/sendaecoway.com\/wp-content\/litespeed\/avatar\/7eaaec2207564cc1217f5a83e3d00d0c.jpg?ver=1777313593\",\"url\":\"https:\/\/sendaecoway.com\/wp-content\/litespeed\/avatar\/7eaaec2207564cc1217f5a83e3d00d0c.jpg?ver=1777313593\",\"contentUrl\":\"https:\/\/sendaecoway.com\/wp-content\/litespeed\/avatar\/7eaaec2207564cc1217f5a83e3d00d0c.jpg?ver=1777313593\",\"caption\":\"MarSen\"},\"url\":\"https:\/\/sendaecoway.com\/fr\/blog\/author\/marsen\/\"}]}<\/script>\n<!-- \/ Yoast SEO plugin. -->","yoast_head_json":{"title":"Le mouvement Slow Food et l&#039;art d&#039;appr\u00e9cier ce que nous mangeons - Senda Ecoway","robots":{"index":"index","follow":"follow","max-snippet":"max-snippet:-1","max-image-preview":"max-image-preview:large","max-video-preview":"max-video-preview:-1"},"canonical":"https:\/\/sendaecoway.com\/fr\/blog\/slow-food\/","og_locale":"fr_FR","og_type":"article","og_title":"El movimiento slow food y el arte de valorar lo que comemos - Senda Ecoway","og_description":"El movimento Slow food es el arte de comer con atenci\u00f3n,\ud83d\udc9a valorando en especial la calidad de la alimentaci\u00f3n y su origen local.","og_url":"https:\/\/sendaecoway.com\/fr\/blog\/slow-food\/","og_site_name":"Senda Ecoway","article_publisher":"https:\/\/www.facebook.com\/sendaecoway\/","article_published_time":"2024-10-01T13:05:36+00:00","article_modified_time":"2024-10-14T07:39:23+00:00","og_image":[{"width":400,"height":250,"url":"https:\/\/sendaecoway.com\/wp-content\/uploads\/2024\/10\/619b860e4ffa9c9bc07449f3_slow-food-1-400x250-1.jpg","type":"image\/jpeg"}],"author":"MarSen","twitter_card":"summary_large_image","twitter_misc":{"\u00c9crit par":"MarSen","Dur\u00e9e de lecture estim\u00e9e":"5 minutes"},"schema":{"@context":"https:\/\/schema.org","@graph":[{"@type":"Article","@id":"https:\/\/sendaecoway.com\/blog\/slow-food\/#article","isPartOf":{"@id":"https:\/\/sendaecoway.com\/blog\/slow-food\/"},"author":{"name":"MarSen","@id":"https:\/\/sendaecoway.com\/#\/schema\/person\/8aa6cb09cdc9a3d253edba48060bbb52"},"headline":"El movimiento slow food y el arte de valorar lo que comemos","datePublished":"2024-10-01T13:05:36+00:00","dateModified":"2024-10-14T07:39:23+00:00","mainEntityOfPage":{"@id":"https:\/\/sendaecoway.com\/blog\/slow-food\/"},"wordCount":1100,"commentCount":0,"publisher":{"@id":"https:\/\/sendaecoway.com\/#organization"},"image":{"@id":"https:\/\/sendaecoway.com\/blog\/slow-food\/#primaryimage"},"thumbnailUrl":"https:\/\/sendaecoway.com\/wp-content\/uploads\/2024\/10\/619b860e4ffa9c9bc07449f3_slow-food-1-400x250-1.jpg","articleSection":["blog"],"inLanguage":"fr-FR","potentialAction":[{"@type":"CommentAction","name":"Comment","target":["https:\/\/sendaecoway.com\/blog\/slow-food\/#respond"]}]},{"@type":"WebPage","@id":"https:\/\/sendaecoway.com\/blog\/slow-food\/","url":"https:\/\/sendaecoway.com\/blog\/slow-food\/","name":"Le mouvement Slow Food et l&#039;art d&#039;appr\u00e9cier ce que nous mangeons - Senda Ecoway","isPartOf":{"@id":"https:\/\/sendaecoway.com\/#website"},"primaryImageOfPage":{"@id":"https:\/\/sendaecoway.com\/blog\/slow-food\/#primaryimage"},"image":{"@id":"https:\/\/sendaecoway.com\/blog\/slow-food\/#primaryimage"},"thumbnailUrl":"https:\/\/sendaecoway.com\/wp-content\/uploads\/2024\/10\/619b860e4ffa9c9bc07449f3_slow-food-1-400x250-1.jpg","datePublished":"2024-10-01T13:05:36+00:00","dateModified":"2024-10-14T07:39:23+00:00","breadcrumb":{"@id":"https:\/\/sendaecoway.com\/blog\/slow-food\/#breadcrumb"},"inLanguage":"fr-FR","potentialAction":[{"@type":"ReadAction","target":["https:\/\/sendaecoway.com\/blog\/slow-food\/"]}]},{"@type":"ImageObject","inLanguage":"fr-FR","@id":"https:\/\/sendaecoway.com\/blog\/slow-food\/#primaryimage","url":"https:\/\/sendaecoway.com\/wp-content\/uploads\/2024\/10\/619b860e4ffa9c9bc07449f3_slow-food-1-400x250-1.jpg","contentUrl":"https:\/\/sendaecoway.com\/wp-content\/uploads\/2024\/10\/619b860e4ffa9c9bc07449f3_slow-food-1-400x250-1.jpg","width":400,"height":250,"caption":"El movimiento slow food y el arte de valorar lo que comemos"},{"@type":"BreadcrumbList","@id":"https:\/\/sendaecoway.com\/blog\/slow-food\/#breadcrumb","itemListElement":[{"@type":"ListItem","position":1,"name":"Portada","item":"https:\/\/sendaecoway.com\/"},{"@type":"ListItem","position":2,"name":"El movimiento slow food y el arte de valorar lo que comemos"}]},{"@type":"WebSite","@id":"https:\/\/sendaecoway.com\/#website","url":"https:\/\/sendaecoway.com\/","name":"Exp\u00e9riences durables Senda Ecoway","description":"Nous proposons des exp\u00e9riences personnalis\u00e9es et durables. Itin\u00e9raires guid\u00e9s par des guides locaux et activit\u00e9s en petits groupes.","publisher":{"@id":"https:\/\/sendaecoway.com\/#organization"},"alternateName":"LAS MEJORES EXPERIENCIAS SOSTENIBLES DE ESPA\u00d1A","potentialAction":[{"@type":"SearchAction","target":{"@type":"EntryPoint","urlTemplate":"https:\/\/sendaecoway.com\/?s={search_term_string}"},"query-input":{"@type":"PropertyValueSpecification","valueRequired":true,"valueName":"search_term_string"}}],"inLanguage":"fr-FR"},{"@type":"Organization","@id":"https:\/\/sendaecoway.com\/#organization","name":"ECOWAY SENDA","alternateName":"LAS MEJORES EXPERIENCIAS SOSTENIBLES DE ESPA\u00d1A","url":"https:\/\/sendaecoway.com\/","logo":{"@type":"ImageObject","inLanguage":"fr-FR","@id":"https:\/\/sendaecoway.com\/#\/schema\/logo\/image\/","url":"https:\/\/sendaecoway.com\/wp-content\/uploads\/2024\/10\/619797bf655bee433c2dff8c_LOGOTIPO-OFICIAL-2-1024x413-1.png","contentUrl":"https:\/\/sendaecoway.com\/wp-content\/uploads\/2024\/10\/619797bf655bee433c2dff8c_LOGOTIPO-OFICIAL-2-1024x413-1.png","width":1024,"height":413,"caption":"SENDA ECOWAY"},"image":{"@id":"https:\/\/sendaecoway.com\/#\/schema\/logo\/image\/"},"sameAs":["https:\/\/www.facebook.com\/sendaecoway\/","https:\/\/www.instagram.com\/sendaecoway\/"]},{"@type":"Person","@id":"https:\/\/sendaecoway.com\/#\/schema\/person\/8aa6cb09cdc9a3d253edba48060bbb52","name":"MarSen","image":{"@type":"ImageObject","inLanguage":"fr-FR","@id":"https:\/\/sendaecoway.com\/wp-content\/litespeed\/avatar\/7eaaec2207564cc1217f5a83e3d00d0c.jpg?ver=1777313593","url":"https:\/\/sendaecoway.com\/wp-content\/litespeed\/avatar\/7eaaec2207564cc1217f5a83e3d00d0c.jpg?ver=1777313593","contentUrl":"https:\/\/sendaecoway.com\/wp-content\/litespeed\/avatar\/7eaaec2207564cc1217f5a83e3d00d0c.jpg?ver=1777313593","caption":"MarSen"},"url":"https:\/\/sendaecoway.com\/fr\/blog\/author\/marsen\/"}]}},"_links":{"self":[{"href":"https:\/\/sendaecoway.com\/fr\/wp-json\/wp\/v2\/posts\/2575","targetHints":{"allow":["GET"]}}],"collection":[{"href":"https:\/\/sendaecoway.com\/fr\/wp-json\/wp\/v2\/posts"}],"about":[{"href":"https:\/\/sendaecoway.com\/fr\/wp-json\/wp\/v2\/types\/post"}],"author":[{"embeddable":true,"href":"https:\/\/sendaecoway.com\/fr\/wp-json\/wp\/v2\/users\/2"}],"replies":[{"embeddable":true,"href":"https:\/\/sendaecoway.com\/fr\/wp-json\/wp\/v2\/comments?post=2575"}],"version-history":[{"count":1,"href":"https:\/\/sendaecoway.com\/fr\/wp-json\/wp\/v2\/posts\/2575\/revisions"}],"predecessor-version":[{"id":3049,"href":"https:\/\/sendaecoway.com\/fr\/wp-json\/wp\/v2\/posts\/2575\/revisions\/3049"}],"wp:featuredmedia":[{"embeddable":true,"href":"https:\/\/sendaecoway.com\/fr\/wp-json\/wp\/v2\/media\/2576"}],"wp:attachment":[{"href":"https:\/\/sendaecoway.com\/fr\/wp-json\/wp\/v2\/media?parent=2575"}],"wp:term":[{"taxonomy":"category","embeddable":true,"href":"https:\/\/sendaecoway.com\/fr\/wp-json\/wp\/v2\/categories?post=2575"},{"taxonomy":"post_tag","embeddable":true,"href":"https:\/\/sendaecoway.com\/fr\/wp-json\/wp\/v2\/tags?post=2575"}],"curies":[{"name":"wp","href":"https:\/\/api.w.org\/{rel}","templated":true}]}}